{"id":69,"date":"2015-04-28T18:35:35","date_gmt":"2015-04-28T18:35:35","guid":{"rendered":"http:\/\/xn--oschatzer-bndnis-tzb.de\/?p=69"},"modified":"2015-05-04T19:04:39","modified_gmt":"2015-05-04T19:04:39","slug":"fluechtlingskinder-fahren-auf-rad-unterricht-im-verkehrsgarten-ab","status":"publish","type":"post","link":"http:\/\/xn--oschatzer-bndnis-tzb.de\/?p=69","title":{"rendered":"Fl\u00fcchtlingskinder fahren auf Rad-Unterricht im Verkehrsgarten ab"},"content":{"rendered":"<p><small>Oschatzer Allgemeine vom 28.04.2015<\/small><\/p>\n<p><strong>Verkehrswacht Oschatz l\u00e4dt Asylbewerber zur Ausbildung ein<\/strong><br \/>\nVon Gabi Liebegall<\/p>\n<p><strong>Oschatz.<\/strong> F\u00fcnf Erwachsene und vier Kinder bei der Fahrradausbildung im Verkehrsgarten der Verkehrswacht. Dieser ungew\u00f6hnliche Anblick ist ein Angebot des Oschatzer Vereins mit seinem Vorsitzenden Frank Boden f\u00fcr die Oschatzer Fl\u00fcchtlinge und deren Kinder. &#8222;Es gibt noch mehr Angebote, zum Beispiel f\u00fcr ein Training beim RCL oder der Besuch bei einer K\u00fcnstlerin, die interessierte Fl\u00fcchtlinge empf\u00e4ngt und ihnen die Welt der Malerei zeigen m\u00f6chte&#8220;, so Susan Terpitz vom B\u00fcndnis f\u00fcr Demokratie, Menschlichkeit und Toleranz, das sich ganz besonders um die Oschatzer Ausl\u00e4nder aus den Krisengebieten k\u00fcmmert.<br \/>\nHenry Schomaker von der Verkehrswacht erkl\u00e4rt, dass es nicht in erster Linie darauf ankommt, das Radfahren zu lernen, sondern auf die Regeln. Als erstes erkl\u00e4rt er den Kindern, die viel Freude am Radeln haben und auch schon ganz gut deutsch sprechen, wie man sich beim Linksabbiegen verhalten muss. &#8222;Zuerst kommt der Schulterblick, dann wird die Hand nach links heraus gestreckt. Und wenn die Stra\u00dfe frei ist, kann links abgebogen werden.&#8220;<br \/>\nAu\u00dferdem erfahren die &#8222;Kursmitglieder&#8220;, was alles zu einem Fahrrad geh\u00f6rt, damit es sicher genug ist f\u00fcr den Stra\u00dfenverkehr. &#8222;Autofahrer gehen davon aus, dass Sie die Regeln genau so beherrschen.&#8220;<br \/>\nDas, was hier erl\u00e4utert wird, wird von Moez Fehri \u00fcbersetzt. Er arbeitet beim Landratsamt Nordsachsen und ist ein unentbehrlicher Helfer bei der Koordinierung der Fl\u00fcchtlingsangelegenheiten.<br \/>\nDie f\u00fcnf anwesenden M\u00e4nner aus L\u00e4ndern wie Syrien und Libanon zeigen sich interessiert und k\u00f6nnen sich vieles erst einmal nicht erkl\u00e4ren. Auf Frage von OAZ, ob es in ihren L\u00e4ndern nicht auch Regeln f\u00fcr den Stra\u00dfenverkehr gibt, muss Moez lachen. &#8222;In diesen L\u00e4ndern wird das nicht so eng gesehen, vielmehr wird mit Geld geschmiert. Da fragt ein Beh\u00f6rdenmitarbeiter, ob der Antragsteller Auto fahren kann. Der sagt ja und hat kurz darauf eine Fahrerlaubnis in der Hand.&#8220;<br \/>\nDie M\u00e4nner haben oft eine andere Sicht auf den Stra\u00dfenverkehr. Henry Schomaker erkl\u00e4rt die Rechts-vor-Links-Regelung. Fakt ist, dass bei einer Kreuzung ohne Verkehrschilder das von rechts kommende Fahrzeug die Vorfahrt hat &#8211; auch wenn es ein Fahrrad ist.<br \/>\nHier haken die ausl\u00e4ndischen M\u00e4nner nach. F\u00fcr sie kann es nicht sein, dass &#8211; wie zu Hause &#8211; ein Fahrrad vor einer gro\u00dfen Limousine fahren darf. &#8222;Aber so ist es&#8220;, betont der Verkehrsexperte.<br \/>\nW\u00e4hrend sie diskutieren, fahren die vier Kinder mit ihren kleinen R\u00e4dern den Parcours ab. Wenn etwas falsch l\u00e4uft, heben die mit anwesenden Frauen von der Verkehrswacht freundlich den Finger und erkl\u00e4ren es den Kindern richtig. \u00dcbrigens haben die Fl\u00fcchtlinge einige R\u00e4der gesponsert bekommen. &#8222;Von der Aktion Fahrr\u00e4der f\u00fcr Afrika waren noch einige \u00fcbrig&#8220;, erkl\u00e4rt Susan Terpitz.<br \/>\nDie Teilnehmer bekommen Lehrmaterial. Das ist zwar in deutscher Sprache, aber die Kinder sprechen schon ganz gut deutsch. Au\u00dferdem bietet Schomaker den Ausl\u00e4ndern an &#8211; wenn immer sie es m\u00f6chten &#8211; den Verkehrsgarten zu nutzen.<\/p>\n<p><a href=\"http:\/\/xn--oschatzer-bndnis-tzb.de\/wp-content\/uploads\/2015\/05\/fahrrad.jpg\"><img decoding=\"async\" loading=\"lazy\" class=\"alignnone size-full wp-image-72\" src=\"http:\/\/xn--oschatzer-bndnis-tzb.de\/wp-content\/uploads\/2015\/05\/fahrrad.jpg\" alt=\"Fahrrad\" width=\"924\" height=\"512\" srcset=\"http:\/\/xn--oschatzer-bndnis-tzb.de\/wp-content\/uploads\/2015\/05\/fahrrad.jpg 924w, http:\/\/xn--oschatzer-bndnis-tzb.de\/wp-content\/uploads\/2015\/05\/fahrrad-300x166.jpg 300w, http:\/\/xn--oschatzer-bndnis-tzb.de\/wp-content\/uploads\/2015\/05\/fahrrad-672x372.jpg 672w\" sizes=\"(max-width: 924px) 100vw, 924px\" \/><\/a><\/p>\n","protected":false},"excerpt":{"rendered":"<p>Oschatzer Allgemeine vom 28.04.2015 Verkehrswacht Oschatz l\u00e4dt Asylbewerber zur Ausbildung ein Von Gabi Liebegall Oschatz. F\u00fcnf Erwachsene und vier Kinder bei der Fahrradausbildung im Verkehrsgarten der Verkehrswacht. Dieser ungew\u00f6hnliche Anblick ist ein Angebot des Oschatzer Vereins mit seinem Vorsitzenden Frank Boden f\u00fcr die Oschatzer Fl\u00fcchtlinge und deren Kinder. &#8222;Es gibt noch mehr Angebote, zum Beispiel &hellip; <a href=\"http:\/\/xn--oschatzer-bndnis-tzb.de\/?p=69\" class=\"more-link\"><span class=\"screen-reader-text\">Fl\u00fcchtlingskinder fahren auf Rad-Unterricht im Verkehrsgarten ab<\/span> weiterlesen <span class=\"meta-nav\">&rarr;<\/span><\/a><\/p>\n","protected":false},"author":1,"featured_media":0,"comment_status":"open","ping_status":"open","sticky":false,"template":"","format":"standard","meta":[],"categories":[1],"tags":[],"_links":{"self":[{"href":"http:\/\/xn--oschatzer-bndnis-tzb.de\/index.php?rest_route=\/wp\/v2\/posts\/69"}],"collection":[{"href":"http:\/\/xn--oschatzer-bndnis-tzb.de\/index.php?rest_route=\/wp\/v2\/posts"}],"about":[{"href":"http:\/\/xn--oschatzer-bndnis-tzb.de\/index.php?rest_route=\/wp\/v2\/types\/post"}],"author":[{"embeddable":true,"href":"http:\/\/xn--oschatzer-bndnis-tzb.de\/index.php?rest_route=\/wp\/v2\/users\/1"}],"replies":[{"embeddable":true,"href":"http:\/\/xn--oschatzer-bndnis-tzb.de\/index.php?rest_route=%2Fwp%2Fv2%2Fcomments&post=69"}],"version-history":[{"count":4,"href":"http:\/\/xn--oschatzer-bndnis-tzb.de\/index.php?rest_route=\/wp\/v2\/posts\/69\/revisions"}],"predecessor-version":[{"id":77,"href":"http:\/\/xn--oschatzer-bndnis-tzb.de\/index.php?rest_route=\/wp\/v2\/posts\/69\/revisions\/77"}],"wp:attachment":[{"href":"http:\/\/xn--oschatzer-bndnis-tzb.de\/index.php?rest_route=%2Fwp%2Fv2%2Fmedia&parent=69"}],"wp:term":[{"taxonomy":"category","embeddable":true,"href":"http:\/\/xn--oschatzer-bndnis-tzb.de\/index.php?rest_route=%2Fwp%2Fv2%2Fcategories&post=69"},{"taxonomy":"post_tag","embeddable":true,"href":"http:\/\/xn--oschatzer-bndnis-tzb.de\/index.php?rest_route=%2Fwp%2Fv2%2Ftags&post=69"}],"curies":[{"name":"wp","href":"https:\/\/api.w.org\/{rel}","templated":true}]}}