{"id":31,"date":"2011-03-30T13:08:23","date_gmt":"2011-03-30T13:08:23","guid":{"rendered":"http:\/\/xn--oschatzer-bndnis-tzb.de\/?p=31"},"modified":"2015-01-18T13:09:24","modified_gmt":"2015-01-18T13:09:24","slug":"30-maerz-2011-vorstellung-der-broschuere-ueber-oschatzer-juden","status":"publish","type":"post","link":"http:\/\/xn--oschatzer-bndnis-tzb.de\/?p=31","title":{"rendered":"30. M\u00e4rz 2011, Vorstellung der Brosch\u00fcre \u00fcber Oschatzer Juden"},"content":{"rendered":"<p>Nach einem Jahr Recherche konnten die Jugendlichen des Projektes &#8222;Zeitenspr\u00fcnge&#8220; ihre Ergebnisse der Oschatzer Bev\u00f6lkerung in der Klosterkirche vorstellen. In einer Brosch\u00fcre stellen sie die drei j\u00fcdischen Familien Mendel, Hirschfeld und Rozensthein vor, die in Oschatz gelebt haben und zum gro\u00dfen Teil in Konzentrationslagern der Nationalsozialisten ums Leben kamen. Als Abschluss des Projektes, sollen Stolpersteine vor dem letzten freiwilligen Wohnsitz in der Strehlaer Stra\u00dfe gesetzt werden.<\/p>\n<p>Zu dem Team geh\u00f6ren: Anja Kohlbach, Tabea Senkel, Elena Albrecht, Paul Delch, Torsten Ackermann, Mirco Boden und Johannes Lange.<\/p>\n<p>Die Brosch\u00fcre erhalten Sie gegen einen Unkostenbeitrag von 1,-\u20ac im SKZ E-Werk Oschatz bei Anja Kohlbach.<\/p>\n","protected":false},"excerpt":{"rendered":"<p>Nach einem Jahr Recherche konnten die Jugendlichen des Projektes &#8222;Zeitenspr\u00fcnge&#8220; ihre Ergebnisse der Oschatzer Bev\u00f6lkerung in der Klosterkirche vorstellen. In einer Brosch\u00fcre stellen sie die drei j\u00fcdischen Familien Mendel, Hirschfeld und Rozensthein vor, die in Oschatz gelebt haben und zum gro\u00dfen Teil in Konzentrationslagern der Nationalsozialisten ums Leben kamen. Als Abschluss des Projektes, sollen Stolpersteine &hellip; <a href=\"http:\/\/xn--oschatzer-bndnis-tzb.de\/?p=31\" class=\"more-link\"><span class=\"screen-reader-text\">30. M\u00e4rz 2011, Vorstellung der Brosch\u00fcre \u00fcber Oschatzer Juden<\/span> weiterlesen <span class=\"meta-nav\">&rarr;<\/span><\/a><\/p>\n","protected":false},"author":1,"featured_media":0,"comment_status":"open","ping_status":"open","sticky":false,"template":"","format":"standard","meta":[],"categories":[1],"tags":[],"_links":{"self":[{"href":"http:\/\/xn--oschatzer-bndnis-tzb.de\/index.php?rest_route=\/wp\/v2\/posts\/31"}],"collection":[{"href":"http:\/\/xn--oschatzer-bndnis-tzb.de\/index.php?rest_route=\/wp\/v2\/posts"}],"about":[{"href":"http:\/\/xn--oschatzer-bndnis-tzb.de\/index.php?rest_route=\/wp\/v2\/types\/post"}],"author":[{"embeddable":true,"href":"http:\/\/xn--oschatzer-bndnis-tzb.de\/index.php?rest_route=\/wp\/v2\/users\/1"}],"replies":[{"embeddable":true,"href":"http:\/\/xn--oschatzer-bndnis-tzb.de\/index.php?rest_route=%2Fwp%2Fv2%2Fcomments&post=31"}],"version-history":[{"count":1,"href":"http:\/\/xn--oschatzer-bndnis-tzb.de\/index.php?rest_route=\/wp\/v2\/posts\/31\/revisions"}],"predecessor-version":[{"id":32,"href":"http:\/\/xn--oschatzer-bndnis-tzb.de\/index.php?rest_route=\/wp\/v2\/posts\/31\/revisions\/32"}],"wp:attachment":[{"href":"http:\/\/xn--oschatzer-bndnis-tzb.de\/index.php?rest_route=%2Fwp%2Fv2%2Fmedia&parent=31"}],"wp:term":[{"taxonomy":"category","embeddable":true,"href":"http:\/\/xn--oschatzer-bndnis-tzb.de\/index.php?rest_route=%2Fwp%2Fv2%2Fcategories&post=31"},{"taxonomy":"post_tag","embeddable":true,"href":"http:\/\/xn--oschatzer-bndnis-tzb.de\/index.php?rest_route=%2Fwp%2Fv2%2Ftags&post=31"}],"curies":[{"name":"wp","href":"https:\/\/api.w.org\/{rel}","templated":true}]}}