{"id":29,"date":"2010-05-11T13:07:38","date_gmt":"2010-05-11T13:07:38","guid":{"rendered":"http:\/\/xn--oschatzer-bndnis-tzb.de\/?p=29"},"modified":"2015-01-18T13:08:19","modified_gmt":"2015-01-18T13:08:19","slug":"11-mai-2010-informationsabend-waehlst-du-noch-oder-gehorchst-du-schon","status":"publish","type":"post","link":"http:\/\/xn--oschatzer-bndnis-tzb.de\/?p=29","title":{"rendered":"11. Mai 2010, Informationsabend &#8222;W\u00e4hlst du noch oder gehorchst du schon?&#8220;"},"content":{"rendered":"<p>Am 11. Mai 1933 \u00fcbernahmen die Nazis die Macht in Oschatz. Um diesen traurigen Ereignis zu gedenken lud das B\u00fcndnis zu einem Informationsabend in das Thomas-M\u00fcntzer-Haus ein. Zu der Veranstaltung konnten \u00fcber 100 Besucher begr\u00fc\u00dft werden.<\/p>\n<p>Auftakt bildete eine Diskussionsrunde engagierter Jugendlicher aus Oschatz und Umgebung zu dem Thema &#8222;Jugend und Demokratie&#8220;.<\/p>\n<p>Im Anschluss las der Heimathistoriker Wolfgang Michael aus seinem neuesten Buch \u00fcber die damaligen Ereignisse.<\/p>\n","protected":false},"excerpt":{"rendered":"<p>Am 11. Mai 1933 \u00fcbernahmen die Nazis die Macht in Oschatz. Um diesen traurigen Ereignis zu gedenken lud das B\u00fcndnis zu einem Informationsabend in das Thomas-M\u00fcntzer-Haus ein. Zu der Veranstaltung konnten \u00fcber 100 Besucher begr\u00fc\u00dft werden. Auftakt bildete eine Diskussionsrunde engagierter Jugendlicher aus Oschatz und Umgebung zu dem Thema &#8222;Jugend und Demokratie&#8220;. Im Anschluss las &hellip; <a href=\"http:\/\/xn--oschatzer-bndnis-tzb.de\/?p=29\" class=\"more-link\"><span class=\"screen-reader-text\">11. Mai 2010, Informationsabend &#8222;W\u00e4hlst du noch oder gehorchst du schon?&#8220;<\/span> weiterlesen <span class=\"meta-nav\">&rarr;<\/span><\/a><\/p>\n","protected":false},"author":1,"featured_media":0,"comment_status":"open","ping_status":"open","sticky":false,"template":"","format":"standard","meta":[],"categories":[1],"tags":[6],"_links":{"self":[{"href":"http:\/\/xn--oschatzer-bndnis-tzb.de\/index.php?rest_route=\/wp\/v2\/posts\/29"}],"collection":[{"href":"http:\/\/xn--oschatzer-bndnis-tzb.de\/index.php?rest_route=\/wp\/v2\/posts"}],"about":[{"href":"http:\/\/xn--oschatzer-bndnis-tzb.de\/index.php?rest_route=\/wp\/v2\/types\/post"}],"author":[{"embeddable":true,"href":"http:\/\/xn--oschatzer-bndnis-tzb.de\/index.php?rest_route=\/wp\/v2\/users\/1"}],"replies":[{"embeddable":true,"href":"http:\/\/xn--oschatzer-bndnis-tzb.de\/index.php?rest_route=%2Fwp%2Fv2%2Fcomments&post=29"}],"version-history":[{"count":1,"href":"http:\/\/xn--oschatzer-bndnis-tzb.de\/index.php?rest_route=\/wp\/v2\/posts\/29\/revisions"}],"predecessor-version":[{"id":30,"href":"http:\/\/xn--oschatzer-bndnis-tzb.de\/index.php?rest_route=\/wp\/v2\/posts\/29\/revisions\/30"}],"wp:attachment":[{"href":"http:\/\/xn--oschatzer-bndnis-tzb.de\/index.php?rest_route=%2Fwp%2Fv2%2Fmedia&parent=29"}],"wp:term":[{"taxonomy":"category","embeddable":true,"href":"http:\/\/xn--oschatzer-bndnis-tzb.de\/index.php?rest_route=%2Fwp%2Fv2%2Fcategories&post=29"},{"taxonomy":"post_tag","embeddable":true,"href":"http:\/\/xn--oschatzer-bndnis-tzb.de\/index.php?rest_route=%2Fwp%2Fv2%2Ftags&post=29"}],"curies":[{"name":"wp","href":"https:\/\/api.w.org\/{rel}","templated":true}]}}