{"id":27,"date":"2009-04-27T13:06:19","date_gmt":"2009-04-27T13:06:19","guid":{"rendered":"http:\/\/xn--oschatzer-bndnis-tzb.de\/?p=27"},"modified":"2015-01-18T13:07:03","modified_gmt":"2015-01-18T13:07:03","slug":"27-april-2009-fuenftes-oschatzer-gespraech","status":"publish","type":"post","link":"http:\/\/xn--oschatzer-bndnis-tzb.de\/?p=27","title":{"rendered":"27. April 2009, F\u00fcnftes Oschatzer Gespr\u00e4ch"},"content":{"rendered":"<div>Am 27. April fand das\u00a0f\u00fcnfte Oschatzer Gespr\u00e4ch statt. In diesem Jahr pr\u00e4sentierte der Grimmaer Verein &#8222;Liedertour e.V.&#8220; sein Lese- und Gedichtprogramm &#8222;Diese Zeit hat es nie gegeben&#8220;, welches auch einen Dokumentarfilm beinhaltet.<\/div>\n<div><\/div>\n<div>In dieser Dokumentation treffen Leipziger Jugendliche die Zeitzeugin Erika Pelke aus P\u00f6\u00dfneck\/Th\u00fcringen. Sie wurde 1922 geboren und war\u00a0w\u00e4hrend der\u00a0NS-Zeit begeisterte \u201eBund deutscher M\u00e4dchen\u201c-F\u00fchrerin. Nach dem Zweiten Weltkrieg wurde sie unter \u201eWerwolfs-Verdacht\u201c verhaftet und im Gef\u00e4ngnis Saalfeld verh\u00f6rt und gefoltert. Anschlie\u00dfend wurde sie in das sowjetische \u00a0\u201eSpeziallager Nr.2\u201c nach Buchenwald gebracht. Im Film setzt sie sich mit ihrer pers\u00f6nlichen Schuld und der des deutschen Volkes auseinander.\u00a0Weiterhin erinnert sie sich im Film an ihr \u00a0Leben in der Nachkriegszeit und der DDR. Ihre Geschichte umfasst ein Leben in zwei Diktaturen.<\/div>\n<div><\/div>\n<div>Erg\u00e4nzt wird der Film durch den Grimmaer Liedertour e.V., der den Abend mit vertonten Texten aus dem Gedichtband \u201eMoabiter Sonette\u201c von Albrecht Georg Haushofer umrahmt. Die Veranstaltung gegen das Vergessen, gegen neuen Rechtsradikalismus und f\u00fcr Toleranz ist kostenlos.<\/div>\n<div><\/div>\n<div>Etwa 200 Personen folgten der Einladung von Stadt und Oberb\u00fcrgermeister und kamen ins Thomas-M\u00fcntzer-Haus, um sich mit den totalit\u00e4ren Systemen in der j\u00fcngeren deutschen Geschichte auseinander zu setzen. Zwei Wochen nach dem Oschatzer Gespr\u00e4ch, am 11.\u00a0Mai,\u00a0l\u00e4dt das B\u00fcndnis zu einem Informationsabend ein.\u00a0Die Veranstaltung dreht sich um Demokratie und der Historiker Michael Wolfgang wird in einem Vortrag aufzeigen, wie Oschatz 1933 die Demokratie entm\u00fcndigte.<\/div>\n","protected":false},"excerpt":{"rendered":"<p>Am 27. April fand das\u00a0f\u00fcnfte Oschatzer Gespr\u00e4ch statt. In diesem Jahr pr\u00e4sentierte der Grimmaer Verein &#8222;Liedertour e.V.&#8220; sein Lese- und Gedichtprogramm &#8222;Diese Zeit hat es nie gegeben&#8220;, welches auch einen Dokumentarfilm beinhaltet. In dieser Dokumentation treffen Leipziger Jugendliche die Zeitzeugin Erika Pelke aus P\u00f6\u00dfneck\/Th\u00fcringen. Sie wurde 1922 geboren und war\u00a0w\u00e4hrend der\u00a0NS-Zeit begeisterte \u201eBund deutscher M\u00e4dchen\u201c-F\u00fchrerin. &hellip; <a href=\"http:\/\/xn--oschatzer-bndnis-tzb.de\/?p=27\" class=\"more-link\"><span class=\"screen-reader-text\">27. April 2009, F\u00fcnftes Oschatzer Gespr\u00e4ch<\/span> weiterlesen <span class=\"meta-nav\">&rarr;<\/span><\/a><\/p>\n","protected":false},"author":1,"featured_media":0,"comment_status":"open","ping_status":"open","sticky":false,"template":"","format":"standard","meta":[],"categories":[1],"tags":[],"_links":{"self":[{"href":"http:\/\/xn--oschatzer-bndnis-tzb.de\/index.php?rest_route=\/wp\/v2\/posts\/27"}],"collection":[{"href":"http:\/\/xn--oschatzer-bndnis-tzb.de\/index.php?rest_route=\/wp\/v2\/posts"}],"about":[{"href":"http:\/\/xn--oschatzer-bndnis-tzb.de\/index.php?rest_route=\/wp\/v2\/types\/post"}],"author":[{"embeddable":true,"href":"http:\/\/xn--oschatzer-bndnis-tzb.de\/index.php?rest_route=\/wp\/v2\/users\/1"}],"replies":[{"embeddable":true,"href":"http:\/\/xn--oschatzer-bndnis-tzb.de\/index.php?rest_route=%2Fwp%2Fv2%2Fcomments&post=27"}],"version-history":[{"count":1,"href":"http:\/\/xn--oschatzer-bndnis-tzb.de\/index.php?rest_route=\/wp\/v2\/posts\/27\/revisions"}],"predecessor-version":[{"id":28,"href":"http:\/\/xn--oschatzer-bndnis-tzb.de\/index.php?rest_route=\/wp\/v2\/posts\/27\/revisions\/28"}],"wp:attachment":[{"href":"http:\/\/xn--oschatzer-bndnis-tzb.de\/index.php?rest_route=%2Fwp%2Fv2%2Fmedia&parent=27"}],"wp:term":[{"taxonomy":"category","embeddable":true,"href":"http:\/\/xn--oschatzer-bndnis-tzb.de\/index.php?rest_route=%2Fwp%2Fv2%2Fcategories&post=27"},{"taxonomy":"post_tag","embeddable":true,"href":"http:\/\/xn--oschatzer-bndnis-tzb.de\/index.php?rest_route=%2Fwp%2Fv2%2Ftags&post=27"}],"curies":[{"name":"wp","href":"https:\/\/api.w.org\/{rel}","templated":true}]}}