{"id":25,"date":"2009-01-24T13:05:02","date_gmt":"2009-01-24T13:05:02","guid":{"rendered":"http:\/\/xn--oschatzer-bndnis-tzb.de\/?p=25"},"modified":"2015-01-18T13:06:15","modified_gmt":"2015-01-18T13:06:15","slug":"24-januar-2009-aufruf-zum-holocaust-gedenktag","status":"publish","type":"post","link":"http:\/\/xn--oschatzer-bndnis-tzb.de\/?p=25","title":{"rendered":"24. Januar 2009, Aufruf zum Holocaust-Gedenktag"},"content":{"rendered":"<p>Die Erinnerung darf nicht enden.<\/p>\n<p>Wir, als Oschatzer B\u00fcndnis f\u00fcr Demokratie, Menschlichkeit und Toleranz, rufen dazu auf, am Dienstag, den 27.01.09 um 15.00 Uhr an der Kranzniederlegung auf dem Oschatzer Friedhof teilzunehmen.<\/p>\n<p>Dieser Tag ist 1996 vom damaligen Bundespr\u00e4sidenten Roman Herzog als Holocaust-Gedenktag eingef\u00fchrt worden. Seit 2005\u00a0wurde dieser Tag\u00a0von der UNO zum weltweiten Gedenktag erkl\u00e4rt. Das Ziel ist es, dass sich auch die j\u00fcngere Generation die wahren Ausma\u00dfe der Nationalsozialistischen Herrschaft vor Augen h\u00e4lt.<\/p>\n<p>Am 27.01.1945 wurde das Konzentrationslager Auschwitz nach fast 5 Jahren Folter und Mord an Juden, Polen, Sinti und Roma, sowjetischen Kriegsgefangenen und H\u00e4ftlingen anderer Nationalit\u00e4ten befreit.<\/p>\n<p>Lassen Sie uns gemeinsam den Opfern gedenken. Lassen Sie uns gemeinsam alles daf\u00fcr tun, dass solch ein Unrecht nie wieder geschieht.<\/p>\n","protected":false},"excerpt":{"rendered":"<p>Die Erinnerung darf nicht enden. Wir, als Oschatzer B\u00fcndnis f\u00fcr Demokratie, Menschlichkeit und Toleranz, rufen dazu auf, am Dienstag, den 27.01.09 um 15.00 Uhr an der Kranzniederlegung auf dem Oschatzer Friedhof teilzunehmen. Dieser Tag ist 1996 vom damaligen Bundespr\u00e4sidenten Roman Herzog als Holocaust-Gedenktag eingef\u00fchrt worden. Seit 2005\u00a0wurde dieser Tag\u00a0von der UNO zum weltweiten Gedenktag erkl\u00e4rt. &hellip; <a href=\"http:\/\/xn--oschatzer-bndnis-tzb.de\/?p=25\" class=\"more-link\"><span class=\"screen-reader-text\">24. Januar 2009, Aufruf zum Holocaust-Gedenktag<\/span> weiterlesen <span class=\"meta-nav\">&rarr;<\/span><\/a><\/p>\n","protected":false},"author":1,"featured_media":0,"comment_status":"open","ping_status":"open","sticky":false,"template":"","format":"standard","meta":[],"categories":[1],"tags":[5],"_links":{"self":[{"href":"http:\/\/xn--oschatzer-bndnis-tzb.de\/index.php?rest_route=\/wp\/v2\/posts\/25"}],"collection":[{"href":"http:\/\/xn--oschatzer-bndnis-tzb.de\/index.php?rest_route=\/wp\/v2\/posts"}],"about":[{"href":"http:\/\/xn--oschatzer-bndnis-tzb.de\/index.php?rest_route=\/wp\/v2\/types\/post"}],"author":[{"embeddable":true,"href":"http:\/\/xn--oschatzer-bndnis-tzb.de\/index.php?rest_route=\/wp\/v2\/users\/1"}],"replies":[{"embeddable":true,"href":"http:\/\/xn--oschatzer-bndnis-tzb.de\/index.php?rest_route=%2Fwp%2Fv2%2Fcomments&post=25"}],"version-history":[{"count":1,"href":"http:\/\/xn--oschatzer-bndnis-tzb.de\/index.php?rest_route=\/wp\/v2\/posts\/25\/revisions"}],"predecessor-version":[{"id":26,"href":"http:\/\/xn--oschatzer-bndnis-tzb.de\/index.php?rest_route=\/wp\/v2\/posts\/25\/revisions\/26"}],"wp:attachment":[{"href":"http:\/\/xn--oschatzer-bndnis-tzb.de\/index.php?rest_route=%2Fwp%2Fv2%2Fmedia&parent=25"}],"wp:term":[{"taxonomy":"category","embeddable":true,"href":"http:\/\/xn--oschatzer-bndnis-tzb.de\/index.php?rest_route=%2Fwp%2Fv2%2Fcategories&post=25"},{"taxonomy":"post_tag","embeddable":true,"href":"http:\/\/xn--oschatzer-bndnis-tzb.de\/index.php?rest_route=%2Fwp%2Fv2%2Ftags&post=25"}],"curies":[{"name":"wp","href":"https:\/\/api.w.org\/{rel}","templated":true}]}}