{"id":21,"date":"2008-11-10T13:01:17","date_gmt":"2008-11-10T13:01:17","guid":{"rendered":"http:\/\/xn--oschatzer-bndnis-tzb.de\/?p=21"},"modified":"2015-01-18T13:03:35","modified_gmt":"2015-01-18T13:03:35","slug":"10-november-2008-gruendung-des-buendnisses","status":"publish","type":"post","link":"http:\/\/xn--oschatzer-bndnis-tzb.de\/?p=21","title":{"rendered":"10. November 2008, Gr\u00fcndung des B\u00fcndnisses"},"content":{"rendered":"<p>Zum Volkstrauertag 2008 meldete die NPD Nordsachsen und die Freien Kr\u00e4fte Nordsachsen eine Demonstration in der Oschatzer Innenstadt an. Dabei wollten sie den Opfern des 2. Weltkrieges gedenken und zum st\u00e4dtischen Friedhof ziehen.<\/p>\n<p>Eine Woche davor trafen sich etwa 100 Oschatzer B\u00fcrger um eine Aktion zu starten,\u00a0welche dem Auftreten der Demonstranten entgegentreten soll. Aus dieser Versammlung entstand das &#8222;Oschatzer B\u00fcndnis f\u00fcr Demokratie, Menschlichkeit und Toleranz&#8220;.<\/p>\n<p>In der darauf folgenden Woche organisierte man eine Veranstaltung, die es so in Oschatz noch nicht gegeben hat. Es gr\u00fcndeten sich mehrere Gruppen, die den Tag gestalteten.<\/p>\n<p>Zwar wurde die Veranstaltung seitens der Demonstranten abgesagt, der Tag sollte aber trotzdem stattfinden.<\/p>\n","protected":false},"excerpt":{"rendered":"<p>Zum Volkstrauertag 2008 meldete die NPD Nordsachsen und die Freien Kr\u00e4fte Nordsachsen eine Demonstration in der Oschatzer Innenstadt an. Dabei wollten sie den Opfern des 2. Weltkrieges gedenken und zum st\u00e4dtischen Friedhof ziehen. Eine Woche davor trafen sich etwa 100 Oschatzer B\u00fcrger um eine Aktion zu starten,\u00a0welche dem Auftreten der Demonstranten entgegentreten soll. Aus dieser &hellip; <a href=\"http:\/\/xn--oschatzer-bndnis-tzb.de\/?p=21\" class=\"more-link\"><span class=\"screen-reader-text\">10. November 2008, Gr\u00fcndung des B\u00fcndnisses<\/span> weiterlesen <span class=\"meta-nav\">&rarr;<\/span><\/a><\/p>\n","protected":false},"author":1,"featured_media":0,"comment_status":"open","ping_status":"open","sticky":false,"template":"","format":"standard","meta":[],"categories":[1],"tags":[],"_links":{"self":[{"href":"http:\/\/xn--oschatzer-bndnis-tzb.de\/index.php?rest_route=\/wp\/v2\/posts\/21"}],"collection":[{"href":"http:\/\/xn--oschatzer-bndnis-tzb.de\/index.php?rest_route=\/wp\/v2\/posts"}],"about":[{"href":"http:\/\/xn--oschatzer-bndnis-tzb.de\/index.php?rest_route=\/wp\/v2\/types\/post"}],"author":[{"embeddable":true,"href":"http:\/\/xn--oschatzer-bndnis-tzb.de\/index.php?rest_route=\/wp\/v2\/users\/1"}],"replies":[{"embeddable":true,"href":"http:\/\/xn--oschatzer-bndnis-tzb.de\/index.php?rest_route=%2Fwp%2Fv2%2Fcomments&post=21"}],"version-history":[{"count":1,"href":"http:\/\/xn--oschatzer-bndnis-tzb.de\/index.php?rest_route=\/wp\/v2\/posts\/21\/revisions"}],"predecessor-version":[{"id":22,"href":"http:\/\/xn--oschatzer-bndnis-tzb.de\/index.php?rest_route=\/wp\/v2\/posts\/21\/revisions\/22"}],"wp:attachment":[{"href":"http:\/\/xn--oschatzer-bndnis-tzb.de\/index.php?rest_route=%2Fwp%2Fv2%2Fmedia&parent=21"}],"wp:term":[{"taxonomy":"category","embeddable":true,"href":"http:\/\/xn--oschatzer-bndnis-tzb.de\/index.php?rest_route=%2Fwp%2Fv2%2Fcategories&post=21"},{"taxonomy":"post_tag","embeddable":true,"href":"http:\/\/xn--oschatzer-bndnis-tzb.de\/index.php?rest_route=%2Fwp%2Fv2%2Ftags&post=21"}],"curies":[{"name":"wp","href":"https:\/\/api.w.org\/{rel}","templated":true}]}}