{"id":118,"date":"2016-04-18T12:16:40","date_gmt":"2016-04-18T12:16:40","guid":{"rendered":"http:\/\/xn--oschatzer-bndnis-tzb.de\/?p=118"},"modified":"2016-04-24T12:20:27","modified_gmt":"2016-04-24T12:20:27","slug":"muslim-firas-zabdeh-17-aus-oschatz-ich-fuehle-mich-hier-nie-ausgegrenzt","status":"publish","type":"post","link":"http:\/\/xn--oschatzer-bndnis-tzb.de\/?p=118","title":{"rendered":"Muslim Firas Zabdeh (17) aus Oschatz: \u201eIch f\u00fchle mich hier nie ausgegrenzt\u201c"},"content":{"rendered":"<p><img decoding=\"async\" loading=\"lazy\" class=\"alignnone size-full wp-image-119\" style=\"float: right;\" src=\"http:\/\/xn--oschatzer-bndnis-tzb.de\/wp-content\/uploads\/2016\/04\/abjgbfgb.png\" alt=\"abjgbfgb\" width=\"105\" height=\"152\" \/>Gymnasiast sagt nach Anschl\u00e4gen in Br\u00fcssel: Radikalen Islamisten geht es um Macht und Einsch\u00fcchterung (von Christian Kunze)<\/p>\n<p>Noch Tage nach den Anschl\u00e4gen in Br\u00fcssel dominieren die Ermittlungen dazu die Schlagzeilen. Nachdem sich Mitglieder der Terrormiliz \u201eIslamischer Staat\u201c (IS) als T\u00e4ter bekannt haben, ist Vor- und Pauschalurteilen gegen\u00fcber dem Islam als Religion T\u00fcr und Tor ge\u00f6ffnet.<\/p>\n<p>Firas Zabdeh (17) ist Sch\u00fcler in Oschatz und Moslem, stammt aus Pal\u00e4stina. Er warnt davor, alle Muslime als Fanatiker abzustempeln. Genau wie sein Bruder, ein erfolgreicher Fu\u00dfballspieler, ist er in Deutschland geboren und aufgewachsen. \u201eIch f\u00fchlte mich hier nie ausgegrenzt, im Gegenteil\u201c, sagt der Gymnasiast, der in den n\u00e4chsten Tagen sein Abitur ablegt und unter anderem in der Theatergruppe des Thomas-Mann-Gymnasiums zuletzt in einer Hauptrolle mitgewirkt hat. \u201eIch bin ein Kind zweier Kulturen, der morgenl\u00e4ndischen und der abendl\u00e4ndischen\u201c, sagt er. Problematisch sei es f\u00fcr ihn nie gewesen. \u201eIch war nie ausgegrenzt, nur weil ich keinen Alkohol trinke und kein Schweinefleisch esse.\u201c Unterschiede zwischen beiden \u201eWelten\u201c hat er, wenn \u00fcberhaupt, im Naturell der Menschen festmachen k\u00f6nnen. \u201eDeutschland ist eine Industrienation. Wie alle Staaten des Westens gelten hier vor allem Struktur, Ordnungssinn, P\u00fcnktlichkeit und Produktivit\u00e4t als Ma\u00dfgaben. Nur weil diese rationalen Eigenschaften in arabischen L\u00e4ndern nicht so eine gro\u00dfe Rolle spielen, hei\u00dft das nicht, dass ich sie nicht auch sch\u00e4tze.\u201c<\/p>\n<p>Die islamisch gepr\u00e4gten V\u00f6lker lebten weniger mit dem Kopf als vielmehr mit dem Herzen. \u201eGastfreundschaft, N\u00e4chstenliebe und Miteinander fallen mir zuerst ein, wenn ich an meine Wurzeln denke\u201c, so der Sch\u00fcler. Seien es Lehrer, Klassenkameraden, Fu\u00dfballer und deren Eltern, mit denen Firas Bruder Rami regelm\u00e4\u00dfig zu tun haben \u2013 bei allen Begegnungen geht es nicht darum, dass unterschiedliche Religionen das Leben der Aufeinandertreffenden gepr\u00e4gt haben. Nicht alle Muslime sind Terroristen, es sei ohnehin nicht zielf\u00fchrend, Nationen aufgrund ihres Glaubens zu beurteilen. \u201eReligionen sind da, Leuten im Leben weiterzuhelfen. Letztendlich geh\u00f6ren Religionen nicht zu L\u00e4ndern, sondern zu Menschen. Jeder hat die Freiheit, der Religion seiner Wahl nachzugehen. Also geh\u00f6ren Religionen, solange nicht in fanatischen Z\u00fcgen ausartend und anderer Leute Rechte einschr\u00e4nkend, zu Deutschland\u201c, antwortet Firas auf die Frage, ob der Islam zu Deutschland geh\u00f6re. Tolerante und integrierte Muslime geh\u00f6ren nach seiner Meinung genauso zu Deutschland wie jeder andere deutsche Staatsb\u00fcrger. Jedoch gibt es trotzdem auch fundamentalistische Anh\u00e4nger des Islams, welche die Religion auf eine grausame Art und Weise instrumentalisieren. \u201eDabei geht es meist um Macht, um Einsch\u00fcchterung oder den eigenen Vorteil dieser Prediger\u201c, sagt der Oschatzer.<\/p>\n<p>Radikale Salafisten oder Selbstmordattent\u00e4ter sind in seinen Augen von extremen Lesarten des Koran gepr\u00e4gt, die jeder Grundlage entbehrten. Wenn islamischer Terror stattfindet, sterben dabei auch unbeteiligte Moslems. Dar\u00fcber spreche nur niemand. Stattdessen werde gegen ganze Volksgruppen Stimmung gemacht. Nutznie\u00dfer von Pauschal- und<br \/>\nVorurteilen seien Vertreter und Anh\u00e4nger von Bewegungen wie Pegida oder teils auch der AfD. \u201eWer sich deren Programm durchliest, merkt schnell, dass es die Einschr\u00e4nkung der Rechte aller vorsieht, die in Deutschland leben \u2013 egal, wo sie herstammen.\u201c<\/p>\n<p>Eine Herausforderung sei der Umgang mit dem Islam im Zuge der voranschreitenden Globalisierung. \u201eJe mehr Moslems rund um die Welt unterwegs sind, um so mehr dringt der Islam auch dorthin vor, wo andere Religionen dominieren. Dass beide nebeneinander existieren k\u00f6nnen, erfordert den Willen, das fremd Erscheinende zu betrachten, zu analysieren und in allen Facetten kennen zu lernen\u201c. In Deutschland profitiere Firas Zabdeh beispielsweise von den Weihnachts- und Osterferien, die auf christlichem Glauben basieren. Andererseits gibt es w\u00e4hrend des Fastenmonats Ramadan f\u00fcr ihn keine Ferien. Beides gelte es zu tolerieren. Diese Bereitschaft w\u00fcnscht sich Firas noch verst\u00e4rkt in seinem Umfeld. Nicht trotz, sondern wegen der Anschl\u00e4ge in Br\u00fcssel.<\/p>\n","protected":false},"excerpt":{"rendered":"<p>Gymnasiast sagt nach Anschl\u00e4gen in Br\u00fcssel: Radikalen Islamisten geht es um Macht und Einsch\u00fcchterung (von Christian Kunze) Noch Tage nach den Anschl\u00e4gen in Br\u00fcssel dominieren die Ermittlungen dazu die Schlagzeilen. Nachdem sich Mitglieder der Terrormiliz \u201eIslamischer Staat\u201c (IS) als T\u00e4ter bekannt haben, ist Vor- und Pauschalurteilen gegen\u00fcber dem Islam als Religion T\u00fcr und Tor ge\u00f6ffnet. &hellip; <a href=\"http:\/\/xn--oschatzer-bndnis-tzb.de\/?p=118\" class=\"more-link\"><span class=\"screen-reader-text\">Muslim Firas Zabdeh (17) aus Oschatz: \u201eIch f\u00fchle mich hier nie ausgegrenzt\u201c<\/span> weiterlesen <span class=\"meta-nav\">&rarr;<\/span><\/a><\/p>\n","protected":false},"author":1,"featured_media":0,"comment_status":"open","ping_status":"open","sticky":false,"template":"","format":"standard","meta":[],"categories":[1],"tags":[],"_links":{"self":[{"href":"http:\/\/xn--oschatzer-bndnis-tzb.de\/index.php?rest_route=\/wp\/v2\/posts\/118"}],"collection":[{"href":"http:\/\/xn--oschatzer-bndnis-tzb.de\/index.php?rest_route=\/wp\/v2\/posts"}],"about":[{"href":"http:\/\/xn--oschatzer-bndnis-tzb.de\/index.php?rest_route=\/wp\/v2\/types\/post"}],"author":[{"embeddable":true,"href":"http:\/\/xn--oschatzer-bndnis-tzb.de\/index.php?rest_route=\/wp\/v2\/users\/1"}],"replies":[{"embeddable":true,"href":"http:\/\/xn--oschatzer-bndnis-tzb.de\/index.php?rest_route=%2Fwp%2Fv2%2Fcomments&post=118"}],"version-history":[{"count":1,"href":"http:\/\/xn--oschatzer-bndnis-tzb.de\/index.php?rest_route=\/wp\/v2\/posts\/118\/revisions"}],"predecessor-version":[{"id":120,"href":"http:\/\/xn--oschatzer-bndnis-tzb.de\/index.php?rest_route=\/wp\/v2\/posts\/118\/revisions\/120"}],"wp:attachment":[{"href":"http:\/\/xn--oschatzer-bndnis-tzb.de\/index.php?rest_route=%2Fwp%2Fv2%2Fmedia&parent=118"}],"wp:term":[{"taxonomy":"category","embeddable":true,"href":"http:\/\/xn--oschatzer-bndnis-tzb.de\/index.php?rest_route=%2Fwp%2Fv2%2Fcategories&post=118"},{"taxonomy":"post_tag","embeddable":true,"href":"http:\/\/xn--oschatzer-bndnis-tzb.de\/index.php?rest_route=%2Fwp%2Fv2%2Ftags&post=118"}],"curies":[{"name":"wp","href":"https:\/\/api.w.org\/{rel}","templated":true}]}}