{"id":101,"date":"2015-11-05T19:33:43","date_gmt":"2015-11-05T19:33:43","guid":{"rendered":"http:\/\/xn--oschatzer-bndnis-tzb.de\/?p=101"},"modified":"2015-11-05T19:33:43","modified_gmt":"2015-11-05T19:33:43","slug":"licht-an-fuer-menschlichkeit","status":"publish","type":"post","link":"http:\/\/xn--oschatzer-bndnis-tzb.de\/?p=101","title":{"rendered":"Licht an f\u00fcr Menschlichkeit"},"content":{"rendered":"<p><strong>Aufruf zu einem respektvollen und achtsamen Umgang miteinander<\/strong><\/p>\n<p><a href=\"http:\/\/xn--oschatzer-bndnis-tzb.de\/wp-content\/uploads\/2015\/11\/licht_an.png\"><img decoding=\"async\" loading=\"lazy\" class=\"alignnone size-large wp-image-102\" src=\"http:\/\/xn--oschatzer-bndnis-tzb.de\/wp-content\/uploads\/2015\/11\/licht_an-1024x1024.png\" alt=\"Licht an f\u00fcr Menschlichkeit\" width=\"474\" height=\"474\" srcset=\"http:\/\/xn--oschatzer-bndnis-tzb.de\/wp-content\/uploads\/2015\/11\/licht_an-1024x1024.png 1024w, http:\/\/xn--oschatzer-bndnis-tzb.de\/wp-content\/uploads\/2015\/11\/licht_an-150x150.png 150w, http:\/\/xn--oschatzer-bndnis-tzb.de\/wp-content\/uploads\/2015\/11\/licht_an-300x300.png 300w, http:\/\/xn--oschatzer-bndnis-tzb.de\/wp-content\/uploads\/2015\/11\/licht_an.png 1181w\" sizes=\"(max-width: 474px) 100vw, 474px\" \/><\/a><\/p>\n<p>DRESDEN &#8211; Angesichts der angespannten gesellschaftlichen Lage und der zunehmend aggressiver werdenden Auseinandersetzungen um Fragen der gegenw\u00e4rtigen Fl\u00fcchtlingspolitik haben die Evangelisch-Lutherische Landeskirche Sachsens und das katholische Bistum Dresden-Mei\u00dfen heute in Dresden gemeinsam zu einem respektvollen Umgang innerhalb unserer Gesellschaft, insbesondere gegen\u00fcber Notleidenden, aufgerufen.<\/p>\n<p>Die Kirchen laden alle dazu ein, mit einer Kerze im Fenster an jedem Sonntagabend ein Zeichen der ganz pers\u00f6nlichen Zustimmung zu einem menschlichen Umgang miteinander zu setzen. Dar\u00fcber hinaus kann die Aktion mit Plakaten, Postkarten und Aufklebern verbreitet und unterst\u00fctzt werden. Eine Internet-Plattform wird die Aktion unter <a href=\"http:\/\/www.lichtanfuermenschlichkeit.de\" target=\"_blank\">www.lichtanfuermenschlichkeit.de<\/a> begleiten. R\u00fcckblickend auf die Ereignisse im Herbst 1989 sehen sich die Kirchen auch heute in der Pflicht, mitten in der Gesellschaft dem damaligen Zuruf \u201eKeine Gewalt!\u201c durch den Kerzenschein erneut Ausdruck zu verleihen. Die gemeinsame Initiative \u201eLicht an f\u00fcr Menschlichkeit\u201c wirbt f\u00fcr die Einhaltung demokratischer Grundregeln und f\u00fcr die damit untrennbar verbundene Achtung eines jeden Menschen. Drohungen und Gewalt gegen Andersdenkende, Journalisten, Politiker, Fl\u00fcchtlinge, Helferinnen und Helfer zerst\u00f6ren die Grundlagen unserer demokratischen Kultur und stehen im Gegensatz zur christlichen Botschaft der N\u00e4chstenliebe und Gewaltlosigkeit.<\/p>\n<p>Landesbischof Dr. Carsten Rentzing fand in seiner Predigt am 25. Oktober in der Dresdner Frauenkirche deutliche Worte: \u201eWir werden als Kirche Jesu Christi nicht stumm danebenstehen, wenn geistige Brandstifter durch unser Land ziehen und eine Stimmung des Unfriedens und der Unvers\u00f6hnlichkeit sich ausbreitet. Wir werden Lichter der Menschlichkeit entz\u00fcnden, wir werden den Ruf des Friedens und der Vers\u00f6hnung dagegensetzen und immer wieder ert\u00f6nen lassen.\u201c<\/p>\n<p>Der Di\u00f6zesanadministrator des Bistums Dresden-Mei\u00dfen, Andreas Kutschke, betont: \u201eMillionen Menschen sind derzeit weltweit auf der Flucht. In einer globalisierten Welt lassen sich Probleme nicht einfach \u201aausgrenzen\u2019. Als christliche Kirchen haben wir den Auftrag, die Botschaft Jesu der N\u00e4chstenliebe und der Geschwisterlichkeit in der Welt von heute zu bezeugen und zu leben. Unsere gemeinsame Initiative kann ein hoffnungsvoller Impuls dazu sein.\u201c<\/p>\n<p>Die gemeinsame kirchliche Aktion soll deutlich machen, dass das Gebot der Menschlichkeit allen gegen\u00fcber gilt. Menschlichkeit bedeute dabei zum einen, den Menschen vor Ort zuzuh\u00f6ren und ihre Sorgen ernst zu nehmen. Zum anderen bedeute sie auch die konkrete Unterst\u00fctzung und Hilfe f\u00fcr alle diejenigen, deren Not wir sehen und erleben. Landesbischof Dr. Carsten Rentzing: \u201eDer Grundsatz der Menschlichkeit ist in der christlichen Botschaft tief verwurzelt, aber er besitzt auch dar\u00fcber hinaus G\u00fcltigkeit. Nur so k\u00f6nnen wir ein positives gesellschaftliches Klima schaffen, welches wir gerade in herausfordernden Zeiten so dringend brauchen, um die anstehenden Sachfragen zu l\u00f6sen.\u201c<\/p>\n","protected":false},"excerpt":{"rendered":"<p>Aufruf zu einem respektvollen und achtsamen Umgang miteinander DRESDEN &#8211; Angesichts der angespannten gesellschaftlichen Lage und der zunehmend aggressiver werdenden Auseinandersetzungen um Fragen der gegenw\u00e4rtigen Fl\u00fcchtlingspolitik haben die Evangelisch-Lutherische Landeskirche Sachsens und das katholische Bistum Dresden-Mei\u00dfen heute in Dresden gemeinsam zu einem respektvollen Umgang innerhalb unserer Gesellschaft, insbesondere gegen\u00fcber Notleidenden, aufgerufen. Die Kirchen laden alle &hellip; <a href=\"http:\/\/xn--oschatzer-bndnis-tzb.de\/?p=101\" class=\"more-link\"><span class=\"screen-reader-text\">Licht an f\u00fcr Menschlichkeit<\/span> weiterlesen <span class=\"meta-nav\">&rarr;<\/span><\/a><\/p>\n","protected":false},"author":1,"featured_media":0,"comment_status":"open","ping_status":"open","sticky":false,"template":"","format":"standard","meta":[],"categories":[1],"tags":[],"_links":{"self":[{"href":"http:\/\/xn--oschatzer-bndnis-tzb.de\/index.php?rest_route=\/wp\/v2\/posts\/101"}],"collection":[{"href":"http:\/\/xn--oschatzer-bndnis-tzb.de\/index.php?rest_route=\/wp\/v2\/posts"}],"about":[{"href":"http:\/\/xn--oschatzer-bndnis-tzb.de\/index.php?rest_route=\/wp\/v2\/types\/post"}],"author":[{"embeddable":true,"href":"http:\/\/xn--oschatzer-bndnis-tzb.de\/index.php?rest_route=\/wp\/v2\/users\/1"}],"replies":[{"embeddable":true,"href":"http:\/\/xn--oschatzer-bndnis-tzb.de\/index.php?rest_route=%2Fwp%2Fv2%2Fcomments&post=101"}],"version-history":[{"count":1,"href":"http:\/\/xn--oschatzer-bndnis-tzb.de\/index.php?rest_route=\/wp\/v2\/posts\/101\/revisions"}],"predecessor-version":[{"id":103,"href":"http:\/\/xn--oschatzer-bndnis-tzb.de\/index.php?rest_route=\/wp\/v2\/posts\/101\/revisions\/103"}],"wp:attachment":[{"href":"http:\/\/xn--oschatzer-bndnis-tzb.de\/index.php?rest_route=%2Fwp%2Fv2%2Fmedia&parent=101"}],"wp:term":[{"taxonomy":"category","embeddable":true,"href":"http:\/\/xn--oschatzer-bndnis-tzb.de\/index.php?rest_route=%2Fwp%2Fv2%2Fcategories&post=101"},{"taxonomy":"post_tag","embeddable":true,"href":"http:\/\/xn--oschatzer-bndnis-tzb.de\/index.php?rest_route=%2Fwp%2Fv2%2Ftags&post=101"}],"curies":[{"name":"wp","href":"https:\/\/api.w.org\/{rel}","templated":true}]}}