{"id":1,"date":"2014-12-09T19:10:32","date_gmt":"2014-12-09T19:10:32","guid":{"rendered":"http:\/\/baunativ.de\/buendnis\/?p=1"},"modified":"2015-01-17T14:53:52","modified_gmt":"2015-01-17T14:53:52","slug":"hallo-welt","status":"publish","type":"post","link":"http:\/\/xn--oschatzer-bndnis-tzb.de\/?p=1","title":{"rendered":"Oschatzer Region wird zum Zufluchtsort"},"content":{"rendered":"<p class=\"western\"><span style=\"font-family: Arial, sans-serif;\"><span style=\"font-size: small;\">\u00a0Seit Anfang September ist auch Oschatz neben anderen St\u00e4dten und Gemeinden im Landkreis Nordsachsen zum Zufluchtsort f\u00fcr Fl\u00fcchtlinge weltweiter Krisengebiete geworden. Insgesamt sind derzeit 60 allein reisende M\u00e4nner in einem Heim und acht Familien in Wohnungen in Oschatz und Umgebung untergebracht. Die Fl\u00fcchtlinge kommen zum Gro\u00dfteil aus Libyen, Pakistan, Eritrea und Syrien. Auf der Flucht vor Hunger, Armut und Gewalt nahmen diese Menschen eine gef\u00e4hrliche und lange Reise auf sich. \u201eDiese Menschen haben Dinge erlebt, die wir uns in unseren schlimmsten Alptr\u00e4umen nicht vorstellen k\u00f6nnen\u201c, zeigt sich der Oberb\u00fcrgermeister der Gro\u00dfen Kreisstadt Oschatz, Andreas Kretschmar besorgt. \u201eAngesichts der Gr\u00fcnde, die die Menschen zur Flucht treiben, erscheinen unsere Sorgen klein\u201c, so Kretschmar. In einer Veranstaltung zur Ehrung Oschatzer Vereine rief der Oberb\u00fcrgermeister alle Oschatzer Vereine auf, sich um die Fl\u00fcchtlinge zu k\u00fcmmern. \u201eIch kann mir vorstellen, dass unter den Fl\u00fcchtlingen auch junge M\u00e4nner sind, die gern Fu\u00dfball spielen, warum sollte das nicht in einem Oschatzer Verein m\u00f6glich sein\u201c, so Kretschmar.<\/span><\/span><\/p>\n<p class=\"western\"><span style=\"font-family: Arial, sans-serif;\"><span style=\"font-size: small;\">In Zusammenarbeit mit dem Landratsamt Nordsachsen, der Stadtverwaltung Oschatz und dem Oschatzer B\u00fcndnis f\u00fcr Demokratie, Menschlichkeit und Toleranz initiierte die Evangelisch-Lutherische St. Aegidien Kirchgemeinde Oschatz ein Projekt, das sich der gesellschaftlichen Integration von Fl\u00fcchtlingen in Oschatz annimmt. \u201eWir m\u00f6chten ganz einfache M\u00f6glichkeiten der Begegnung schaffen\u201c, erl\u00e4utert Pfarrer Christof Jochem die Idee des Projektes. \u201eDazu geh\u00f6rt eine sachgerechte Information der Bev\u00f6lkerung und die Beheimatung der Fl\u00fcchtlinge\u201c, so Jochem. Die Finanzierung erfolgt \u00fcber Mittel des Lokalen Aktionsplans Nordsachsen. <\/span><\/span><\/p>\n<p class=\"western\"><span style=\"font-family: Arial, sans-serif;\"><span style=\"font-size: small;\">Die Oschatzer Kirchgemeinde ist seit der Gr\u00fcndung Partner und Akteur im Oschatzer B\u00fcndnis f\u00fcr Demokratie, Menschlichkeit und Toleranz. \u201eWenn Menschen ihre Heimat verlassen, dann stecken oft gro\u00dfe Konflikte, Sorgen und hohe pers\u00f6nliche Belastungen dahinter\u201c, erkl\u00e4rt Christof Jochem. \u201eIch m\u00f6chte es mit einem Psalm ausdr\u00fccken: G\u00fcte und Treue sollen einander begegnen, Gerechtigkeit und Frieden sich k\u00fcssen\u201c, umschreibt der Oschatzer Pfarrer seinen dringlichsten Wunsch.<\/span><\/span><\/p>\n<p class=\"western\"><span style=\"font-family: Arial, sans-serif;\"><span style=\"font-size: small;\">Neben Informationen zu Hintergr\u00fcnden und einer Aufkl\u00e4rung verschiedener Vorurteile, ist es den Verantwortlichen wichtig, Netzwerke zu st\u00e4rken, die eine Teilhabe der Fl\u00fcchtlinge am gesellschaftlichen Leben erm\u00f6glichen. Mit der Federf\u00fchrung beauftragte die Kirchgemeinde das Oschatzer Unternehmen Mediation &amp; Marketing. \u201eNeben der aktiven \u00d6ffentlichkeitsarbeit ist es uns wichtig, ein Netzwerk f\u00fcr Fl\u00fcchtlingspaten ins Leben zu rufen und den Vereinen beratend zur Seite zu stehen, die Interesse an der Integration der asylsuchenden Menschen zeigen,\u201c erl\u00e4utert Anja Kohlbach vom Oschatzer B\u00fcndnis f\u00fcr Demokratie und Toleranz die bevorstehenden Aufgaben. \u201eEgal mit wem man spricht, die Hilfsbereitschaft der Oschatzer ist gro\u00df. Jeder der Interesse an einer Patenschaft hat oder anderweitig unterst\u00fctzen m\u00f6chte, kann sich bei der Kirchgemeinde Oschatz oder der Firma Mediation &amp; Marketing melden\u201c, so Kohlbach.<\/span><\/span><\/p>\n<p class=\"western\"><span style=\"font-family: Arial, sans-serif;\"><span style=\"font-size: small;\">Weitere Informationen erhalten Sie unter <\/span><\/span><span style=\"color: #0000ff;\"><span style=\"text-decoration: underline;\"><a href=\"http:\/\/www.kirche-oschatz.de\/\"><span style=\"font-family: Arial, sans-serif;\"><span style=\"font-size: small;\">www.kirche-oschatz.de<\/span><\/span><\/a><\/span><\/span><span style=\"font-family: Arial, sans-serif;\"><span style=\"font-size: small;\">, <\/span><\/span><span style=\"color: #0000ff;\"><span style=\"text-decoration: underline;\"><a href=\"http:\/\/www.mediation-marketing.com\/\"><span style=\"font-family: Arial, sans-serif;\"><span style=\"font-size: small;\">www.mediation-marketing.com<\/span><\/span><\/a><\/span><\/span><span style=\"font-family: Arial, sans-serif;\"><span style=\"font-size: small;\"> oder telefonisch unter 03435-988 10 50 (Mediation &amp; Marketing).<\/span><\/span><\/p>\n<p class=\"western\"><span style=\"font-family: Arial, sans-serif;\"><span style=\"font-size: small;\">Der Platz f\u00fcr einen asylsuchenden Menschen ist eng bemessen. Nach deutschem Asylrecht stehen jedem Fl\u00fcchtling mindestens 6qm Wohn\/Schlafraum zu. Auf dieser Fl\u00e4che finden ein Schrank, ein Bett sowie ein Tisch und St\u00fchle Platz. In Oschatz sind die Fl\u00fcchtlinge in Zweibett-Zimmern untergebracht.<\/span><\/span><\/p>\n<p class=\"western\"><span style=\"font-family: Arial, sans-serif;\"><span style=\"font-size: small;\"><a href=\"http:\/\/xn--oschatzer-bndnis-tzb.de\/wp-content\/uploads\/2014\/12\/Blick-in-ein-Zimmer.jpg\"><img decoding=\"async\" loading=\"lazy\" class=\"alignnone size-large wp-image-9\" src=\"http:\/\/xn--oschatzer-bndnis-tzb.de\/wp-content\/uploads\/2014\/12\/Blick-in-ein-Zimmer-1024x605.jpg\" alt=\"Blick in ein Zweibett-Zimmer\" width=\"474\" height=\"280\" srcset=\"http:\/\/xn--oschatzer-bndnis-tzb.de\/wp-content\/uploads\/2014\/12\/Blick-in-ein-Zimmer-1024x605.jpg 1024w, http:\/\/xn--oschatzer-bndnis-tzb.de\/wp-content\/uploads\/2014\/12\/Blick-in-ein-Zimmer-300x177.jpg 300w\" sizes=\"(max-width: 474px) 100vw, 474px\" \/><\/a><br \/>\nQuelle: Mediation &amp; Marketing<\/span><\/span><\/p>\n<p class=\"western\"><span style=\"font-family: Arial, sans-serif;\"><span style=\"font-size: small;\">Gekocht wird in der funktionell mit zwei Elektroherden, einem Tisch und einem Abwaschbecken ausgestatteten Gemeinschaftsk\u00fcche.<\/span><\/span><\/p>\n<p class=\"western\"><span style=\"font-family: Arial, sans-serif;\"><span style=\"font-size: small;\"><a href=\"http:\/\/xn--oschatzer-bndnis-tzb.de\/wp-content\/uploads\/2014\/12\/K\u00fcche.jpg\"><img decoding=\"async\" loading=\"lazy\" class=\"alignnone size-large wp-image-10\" src=\"http:\/\/xn--oschatzer-bndnis-tzb.de\/wp-content\/uploads\/2014\/12\/K\u00fcche-1024x731.jpg\" alt=\"K\u00fcche mit 2 Elektroherden und Tisch\" width=\"474\" height=\"338\" srcset=\"http:\/\/xn--oschatzer-bndnis-tzb.de\/wp-content\/uploads\/2014\/12\/K\u00fcche-1024x731.jpg 1024w, http:\/\/xn--oschatzer-bndnis-tzb.de\/wp-content\/uploads\/2014\/12\/K\u00fcche-300x214.jpg 300w\" sizes=\"(max-width: 474px) 100vw, 474px\" \/><\/a>Quelle: Mediation &amp; Marketing<\/span><\/span><\/p>\n","protected":false},"excerpt":{"rendered":"<p>\u00a0Seit Anfang September ist auch Oschatz neben anderen St\u00e4dten und Gemeinden im Landkreis Nordsachsen zum Zufluchtsort f\u00fcr Fl\u00fcchtlinge weltweiter Krisengebiete geworden. Insgesamt sind derzeit 60 allein reisende M\u00e4nner in einem Heim und acht Familien in Wohnungen in Oschatz und Umgebung untergebracht. Die Fl\u00fcchtlinge kommen zum Gro\u00dfteil aus Libyen, Pakistan, Eritrea und Syrien. Auf der Flucht &hellip; <a href=\"http:\/\/xn--oschatzer-bndnis-tzb.de\/?p=1\" class=\"more-link\"><span class=\"screen-reader-text\">Oschatzer Region wird zum Zufluchtsort<\/span> weiterlesen <span class=\"meta-nav\">&rarr;<\/span><\/a><\/p>\n","protected":false},"author":1,"featured_media":0,"comment_status":"open","ping_status":"open","sticky":false,"template":"","format":"standard","meta":[],"categories":[1],"tags":[4],"_links":{"self":[{"href":"http:\/\/xn--oschatzer-bndnis-tzb.de\/index.php?rest_route=\/wp\/v2\/posts\/1"}],"collection":[{"href":"http:\/\/xn--oschatzer-bndnis-tzb.de\/index.php?rest_route=\/wp\/v2\/posts"}],"about":[{"href":"http:\/\/xn--oschatzer-bndnis-tzb.de\/index.php?rest_route=\/wp\/v2\/types\/post"}],"author":[{"embeddable":true,"href":"http:\/\/xn--oschatzer-bndnis-tzb.de\/index.php?rest_route=\/wp\/v2\/users\/1"}],"replies":[{"embeddable":true,"href":"http:\/\/xn--oschatzer-bndnis-tzb.de\/index.php?rest_route=%2Fwp%2Fv2%2Fcomments&post=1"}],"version-history":[{"count":4,"href":"http:\/\/xn--oschatzer-bndnis-tzb.de\/index.php?rest_route=\/wp\/v2\/posts\/1\/revisions"}],"predecessor-version":[{"id":19,"href":"http:\/\/xn--oschatzer-bndnis-tzb.de\/index.php?rest_route=\/wp\/v2\/posts\/1\/revisions\/19"}],"wp:attachment":[{"href":"http:\/\/xn--oschatzer-bndnis-tzb.de\/index.php?rest_route=%2Fwp%2Fv2%2Fmedia&parent=1"}],"wp:term":[{"taxonomy":"category","embeddable":true,"href":"http:\/\/xn--oschatzer-bndnis-tzb.de\/index.php?rest_route=%2Fwp%2Fv2%2Fcategories&post=1"},{"taxonomy":"post_tag","embeddable":true,"href":"http:\/\/xn--oschatzer-bndnis-tzb.de\/index.php?rest_route=%2Fwp%2Fv2%2Ftags&post=1"}],"curies":[{"name":"wp","href":"https:\/\/api.w.org\/{rel}","templated":true}]}}